{"id":10295,"date":"2026-09-03T15:06:59","date_gmt":"2026-09-03T20:06:59","guid":{"rendered":"https:\/\/ambpanama.esteri.it\/news\/dall_ambasciata\/2026\/09\/indizione-delle-elezioni-dei-comites-3-settembre-2026\/"},"modified":"2026-09-03T15:15:20","modified_gmt":"2026-09-03T20:15:20","slug":"indizione-delle-elezioni-dei-comites-3-settembre-2026","status":"publish","type":"post","link":"https:\/\/ambpanama.esteri.it\/es\/news\/dall_ambasciata\/2026\/09\/indizione-delle-elezioni-dei-comites-3-settembre-2026\/","title":{"rendered":"CONVOCATORIA DE LAS ELECCIONES DE LOS COMITES \u2013 3 DE SEPTIEMBRE DE 2026"},"content":{"rendered":"<p class=\"isSelectedEnd\">Mediante el <a href=\"https:\/\/ambpanama.esteri.it\/wp-content\/uploads\/2026\/09\/DECRETO-INDIZIONE-ELEZIONI-COMITES-2026.pdf\"><strong>Decreto Consular n.\u00ba 14\/2026<\/strong><\/a>, firmado por la Jefa de Misi\u00f3n de la Embajada de Italia en Panam\u00e1, se convocan las elecciones para la constituci\u00f3n y renovaci\u00f3n del Comit\u00e9 de los Italianos en el Exterior de Panam\u00e1.<\/p>\n<p class=\"isSelectedEnd\">La fecha de las elecciones queda fijada para el <strong>4 de diciembre de 2026<\/strong>. Esta fecha corresponde al \u00faltimo d\u00eda h\u00e1bil para hacer llegar al Consulado de referencia el sobre que contiene la papeleta electoral debidamente votada.<\/p>\n<p class=\"isSelectedEnd\">Para participar en la votaci\u00f3n es necesario inscribirse en la lista de electores del Consulado de referencia, haciendo llegar la correspondiente solicitud de opci\u00f3n <strong>a m\u00e1s tardar el 4 de noviembre de 2026<\/strong>.<\/p>\n<p>El Comit\u00e9 que se elegir\u00e1 estar\u00e1 compuesto por <strong>12 miembros<\/strong>, de acuerdo con el n\u00famero de integrantes de la colectividad residente. Mediante el citado Decreto se constituye asimismo la Oficina Electoral encargada de las operaciones electorales.<\/p>\n","protected":false},"excerpt":{"rendered":"Mediante el Decreto Consular n.\u00ba 14\/2026, firmado por la Jefa de Misi\u00f3n de la Embajada de Italia en Panam\u00e1, se convocan las elecciones para la constituci\u00f3n y renovaci\u00f3n del Comit\u00e9 de los Italianos en el Exterior de Panam\u00e1. La fecha de las elecciones queda fijada para el 4 de diciembre de 2026. Esta fecha corresponde [&hellip;]","protected":false},"author":5,"featured_media":492,"comment_status":"closed","ping_status":"closed","sticky":false,"template":"","format":"standard","meta":{"footnotes":""},"tags":[],"class_list":["post-10295","post","type-post","status-publish","format-standard","has-post-thumbnail","hentry"],"_links":{"self":[{"href":"https:\/\/ambpanama.esteri.it\/es\/wp-json\/wp\/v2\/posts\/10295","targetHints":{"allow":["GET"]}}],"collection":[{"href":"https:\/\/ambpanama.esteri.it\/es\/wp-json\/wp\/v2\/posts"}],"about":[{"href":"https:\/\/ambpanama.esteri.it\/es\/wp-json\/wp\/v2\/types\/post"}],"author":[{"embeddable":true,"href":"https:\/\/ambpanama.esteri.it\/es\/wp-json\/wp\/v2\/users\/5"}],"replies":[{"embeddable":true,"href":"https:\/\/ambpanama.esteri.it\/es\/wp-json\/wp\/v2\/comments?post=10295"}],"version-history":[{"count":2,"href":"https:\/\/ambpanama.esteri.it\/es\/wp-json\/wp\/v2\/posts\/10295\/revisions"}],"predecessor-version":[{"id":10302,"href":"https:\/\/ambpanama.esteri.it\/es\/wp-json\/wp\/v2\/posts\/10295\/revisions\/10302"}],"wp:featuredmedia":[{"embeddable":true,"href":"https:\/\/ambpanama.esteri.it\/es\/wp-json\/wp\/v2\/media\/492"}],"wp:attachment":[{"href":"https:\/\/ambpanama.esteri.it\/es\/wp-json\/wp\/v2\/media?parent=10295"}],"wp:term":[{"taxonomy":"post_tag","embeddable":true,"href":"https:\/\/ambpanama.esteri.it\/es\/wp-json\/wp\/v2\/tags?post=10295"}],"curies":[{"name":"wp","href":"https:\/\/api.w.org\/{rel}","templated":true}]}}