{"id":8513,"date":"2025-12-22T14:52:58","date_gmt":"2025-12-22T19:52:58","guid":{"rendered":"https:\/\/ambpanama.esteri.it\/?p=8513"},"modified":"2025-12-22T14:52:58","modified_gmt":"2025-12-22T19:52:58","slug":"avviso-al-pubblico-sospensione-temporanea-del-servizio-di-ritiro-passaporti-2","status":"publish","type":"post","link":"https:\/\/ambpanama.esteri.it\/it\/news\/dall_ambasciata\/2025\/12\/avviso-al-pubblico-sospensione-temporanea-del-servizio-di-ritiro-passaporti-2\/","title":{"rendered":"Avviso al pubblico \u2013 Sospensione temporanea del servizio di ritiro passaporti"},"content":{"rendered":"<p data-start=\"104\" data-end=\"290\">Si informa l\u2019utenza che <strong data-start=\"128\" data-end=\"184\">mercoled\u00ec 24 e mercoled\u00ec 31 dicembre, nel pomeriggio<\/strong>, il servizio di ritiro dei passaporti <strong data-start=\"223\" data-end=\"247\">non sar\u00e0 disponibile<\/strong> a causa di esigenze organizzative interne.<\/p>\n<p data-start=\"292\" data-end=\"419\">Le attivit\u00e0 di ritiro <strong data-start=\"314\" data-end=\"380\">riprenderanno regolarmente a partire da venerd\u00ec 2 gennaio 2026<\/strong>, secondo i consueti orari di ritiro.<\/p>\n<p data-start=\"421\" data-end=\"496\">Ci scusiamo per il disagio e ringraziamo il pubblico per la collaborazione.<\/p>\n","protected":false},"excerpt":{"rendered":"Si informa l\u2019utenza che mercoled\u00ec 24 e mercoled\u00ec 31 dicembre, nel pomeriggio, il servizio di ritiro dei passaporti non sar\u00e0 disponibile a causa di esigenze organizzative interne. Le attivit\u00e0 di ritiro riprenderanno regolarmente a partire da venerd\u00ec 2 gennaio 2026, secondo i consueti orari di ritiro. Ci scusiamo per il disagio e ringraziamo il pubblico [&hellip;]","protected":false},"author":4,"featured_media":8403,"comment_status":"closed","ping_status":"closed","sticky":false,"template":"","format":"standard","meta":{"footnotes":""},"tags":[],"class_list":["post-8513","post","type-post","status-publish","format-standard","has-post-thumbnail","hentry"],"_links":{"self":[{"href":"https:\/\/ambpanama.esteri.it\/it\/wp-json\/wp\/v2\/posts\/8513","targetHints":{"allow":["GET"]}}],"collection":[{"href":"https:\/\/ambpanama.esteri.it\/it\/wp-json\/wp\/v2\/posts"}],"about":[{"href":"https:\/\/ambpanama.esteri.it\/it\/wp-json\/wp\/v2\/types\/post"}],"author":[{"embeddable":true,"href":"https:\/\/ambpanama.esteri.it\/it\/wp-json\/wp\/v2\/users\/4"}],"replies":[{"embeddable":true,"href":"https:\/\/ambpanama.esteri.it\/it\/wp-json\/wp\/v2\/comments?post=8513"}],"version-history":[{"count":1,"href":"https:\/\/ambpanama.esteri.it\/it\/wp-json\/wp\/v2\/posts\/8513\/revisions"}],"predecessor-version":[{"id":8515,"href":"https:\/\/ambpanama.esteri.it\/it\/wp-json\/wp\/v2\/posts\/8513\/revisions\/8515"}],"wp:featuredmedia":[{"embeddable":true,"href":"https:\/\/ambpanama.esteri.it\/it\/wp-json\/wp\/v2\/media\/8403"}],"wp:attachment":[{"href":"https:\/\/ambpanama.esteri.it\/it\/wp-json\/wp\/v2\/media?parent=8513"}],"wp:term":[{"taxonomy":"post_tag","embeddable":true,"href":"https:\/\/ambpanama.esteri.it\/it\/wp-json\/wp\/v2\/tags?post=8513"}],"curies":[{"name":"wp","href":"https:\/\/api.w.org\/{rel}","templated":true}]}}